{"id":894,"date":"2020-03-04T09:59:18","date_gmt":"2020-03-04T09:59:18","guid":{"rendered":"http:\/\/saarertanz.hu\/?p=894"},"modified":"2020-03-05T10:43:30","modified_gmt":"2020-03-05T10:43:30","slug":"visszaemlekezes-a-22-tancbemutatora","status":"publish","type":"post","link":"https:\/\/saarertanz.hu\/de\/visszaemlekezes-a-22-tancbemutatora\/","title":{"rendered":"Erinnerung an die 22. Tanzgala"},"content":{"rendered":"<p>[et_pb_section fb_built=&#8221;1&#8243; admin_label=&#8221;section&#8221; _builder_version=&#8221;3.22&#8243;][et_pb_row admin_label=&#8221;row&#8221; _builder_version=&#8221;3.25&#8243; background_size=&#8221;initial&#8221; background_position=&#8221;top_left&#8221; background_repeat=&#8221;repeat&#8221;][et_pb_column type=&#8221;4_4&#8243; _builder_version=&#8221;3.25&#8243; custom_padding=&#8221;|||&#8221; custom_padding__hover=&#8221;|||&#8221;][et_pb_text admin_label=&#8221;Text&#8221; _builder_version=&#8221;4.3.2&#8243; background_size=&#8221;initial&#8221; background_position=&#8221;top_left&#8221; background_repeat=&#8221;repeat&#8221; hover_enabled=&#8221;0&#8243;]<\/p>\n<p>Unsere Gruppe veranstaltete am 22. Februar ihre 22. Tanzgala, die neben deutschen Volkst\u00e4nzen auch lateinamerikanischen und ungarischen T\u00e4nzen als Gastauftritte beinhaltete. Der Herbst ist das Jahr der Vorbereitung im Leben der Gruppe, in dem sich alle Gruppen, Blaskapellen und Choreografen auf die bevorstehende Gala vorbereiten. Die Veranstaltung begann um 16:00 Uhr mit einer offiziellen Begr\u00fc\u00dfung mit einer Rede von Peter Schweininger, Vorsitzender der Saarer Erbe, und der Preisverleihung. Die diesj\u00e4hrige T\u00e4nzerin des Jahres wurde an Lilla Taksz und B\u00e1lint Schwanner f\u00fcr ihre herausragende Arbeit im Leben der Gruppe verliehen. Und der Fre\u00e9sz-K\u00e1roly-Preis - die h\u00f6chste und prestigetr\u00e4chtigste Auszeichnung des Vereins - wurde an Zsuzsanna Led\u00e9nyi, die fr\u00fchere B\u00fcroleiterin des Landesrats, f\u00fcr ihre qualitativ hochwertige Arbeit mit der Tanzgruppe und dem Verein verliehen.<\/p>\n<p>Die T\u00e4nze, die w\u00e4hrend der Gala aufgef\u00fchrt wurden, waren haupts\u00e4chlich Choreografien von Szabolcs Stock und Franciska Nagy, aber unser Er\u00f6ffnungstanz - in Erinnerung an unseren verstorbenen Choreografen J\u00f3zsef Wenczl - war eine der Choreografien, die er unterrichtete, und unser Abschlusstanz <em>Etwas frisches<\/em> c\u00edm\u0171 t\u00e1nca volt.<\/p>\n<p>Die T\u00e4nze, die w\u00e4hrend der Gala aufgef\u00fchrt wurden, waren haupts\u00e4chlich Choreografien von Szabolcs Stock und Franciska Nagy <em>Regruten<\/em> die Regruten. In den Marketingarbeiten vor der Gala symbolisierten wir auch die Stimmung und Geschichte des Tanzes, die Gegenstand und, wir pr\u00e4sentierten das Leben der Dorfbewohner w\u00e4hrend des Zweiten Weltkriegs. Die Trennung wurde von beiden Seiten pr\u00e4sentiert und vom Publikum begr\u00fc\u00dft. Gastchoreografen und ihre Choreografien: Tam\u00e1s Szab\u00f3, Csilla K\u00fcrt\u00f6si - Cifra Kalotaszeg; Lilla Lente - Fiesta Latin. <em>Cifra Kalotaszeg<\/em>; Lente Lilla \u2013 <em>Fiesta latina<\/em>.<\/p>\n<p>W\u00e4hrend der Gala wurde das Programm von den Kleinturwaller Musikanten unter der Leitung des Dirigenten S\u00e1ndor Kasz\u00e1s begleitet. Nach der Gala gab die Band ein Konzert und dann war die Mondschein Kapelle f\u00fcr die Stimmung verantwortlich.<\/p>\n<p style=\"text-align: right;\">\u00cdrta: Stock Martin<\/p>\n<p>[\/et_pb_text][\/et_pb_column][\/et_pb_row][et_pb_row _builder_version=&#8221;4.3.2&#8243;][et_pb_column _builder_version=&#8221;4.3.2&#8243; type=&#8221;4_4&#8243;][et_pb_video src=&#8221;https:\/\/www.youtube.com\/watch?v=cTTkHa2sT8E&#8221; _builder_version=&#8221;4.3.2&#8243; hover_enabled=&#8221;0&#8243;][\/et_pb_video][\/et_pb_column][\/et_pb_row][\/et_pb_section]<\/p>","protected":false},"excerpt":{"rendered":"<p>Csoportunk febru\u00e1r 22-\u00e9n tartotta 22. T\u00e1ncbemutat\u00f3j\u00e1t, melyen a n\u00e9met nemzetis\u00e9gi t\u00e1ncok mellett vend\u00e9g koreogr\u00e1fiak\u00e9nt latin, illetve magyar t\u00e1ncok is helyet kaptak. A csoport \u00e9let\u00e9ben \u2013 \u00e9v\u00e9ben mondhatni \u2013 az \u0151sz a felk\u00e9sz\u00fcl\u00e9s id\u0151szaka, amikor minden csoport, a zenekar \u00e9s a koreogr\u00e1fusok is a k\u00f6zelg\u0151 Bemutat\u00f3ra k\u00e9sz\u00fclnek. A rendezv\u00e9ny 16:00kor vette kezdet\u00e9t, mely a hivatalos k\u00f6sz\u00f6nt\u00f6kkel, [&hellip;]<\/p>","protected":false},"author":2,"featured_media":895,"comment_status":"closed","ping_status":"closed","sticky":false,"template":"","format":"standard","meta":{"_et_pb_use_builder":"on","_et_pb_old_content":"Csoportunk febru\u00e1r 22-\u00e9n tartotta 22. T\u00e1ncbemutat\u00f3j\u00e1t, melyen a n\u00e9met nemzetis\u00e9gi t\u00e1ncok mellett vend\u00e9g koreogr\u00e1fiak\u00e9nt latin, illetve magyar t\u00e1ncok is helyet kaptak. A csoport \u00e9let\u00e9ben \u2013 \u00e9v\u00e9ben mondhatni \u2013 az \u0151sz a felk\u00e9sz\u00fcl\u00e9s id\u0151szaka, amikor minden csoport, a zenekar \u00e9s a koreogr\u00e1fusok is a k\u00f6zelg\u0151 Bemutat\u00f3ra k\u00e9sz\u00fclnek. A rendezv\u00e9ny 16:00kor vette kezdet\u00e9t, mely a hivatalos k\u00f6sz\u00f6nt\u00f6kkel, Schweininger P\u00e9ter, a Sz\u00e1ri \u00d6r\u00f6ks\u00e9g K\u00f6zhaszn\u00fa Egyes\u00fclet eln\u0151k\u00e9nek besz\u00e9d\u00e9vel \u00e9s a d\u00edjak kioszt\u00e1s\u00e1val kezd\u0151d\u00f6tt. Az \u00c9v-T\u00e1ncosa-d\u00edjat id\u00e9n Taksz Lilla \u00e9s Schwanner B\u00e1lint kapta a csoport \u00e9let\u00e9ben v\u00e9gzett kiemelked\u0151 munk\u00e1juk\u00e9rt. A Fre\u00e9sz-K\u00e1roly-d\u00edjat pedig \u2013 mely az Egyes\u00fclet \u00e1ltal adhat\u00f3 legmagasabb \u00e9s legn\u00edv\u00f3sabb elismer\u00e9s \u2013 Led\u00e9nyi Zsuzsanna kapta, a Landesrat volt irodavezet\u0151je, a t\u00e1nccsoporttal \u00e9s az Egyes\u00fclettel k\u00f6z\u00f6sen v\u00e9gzett magas min\u0151s\u00e9g\u0171 munk\u00e1j\u00e1\u00e9rt.\r\n\r\nA bemutat\u00f3 sor\u00e1n sz\u00ednpadra vitt t\u00e1ncok Stock Szabolcs \u00e9s Nagy Franciska koreogr\u00e1fi\u00e1i voltak f\u0151k\u00e9nt, azonban nyit\u00f3 t\u00e1ncunkat \u2013 megeml\u00e9kezve n\u00e9hai koreogr\u00e1fusunkr\u00f3l, Wenczl J\u00f3zsefr\u0151l \u2013 az \u0151 \u00e1ltala tan\u00edtott koreogr\u00e1fi\u00e1k k\u00f6z\u00fcl v\u00e1lasztottuk, illetve z\u00e1r\u00f3 t\u00e1ncunk Schweininger P\u00e9ter <em>Etwas frisches<\/em> c\u00edm\u0171 t\u00e1nca volt.\r\n\r\nA 22. T\u00e1ncbemutat\u00f3 f\u0151 m\u0171sorsz\u00e1ma Stock Szabolcs \u00e9s Nagy Franciska koreogr\u00e1fi\u00e1ja a <em>Regruten<\/em> volt. A m\u0171sort megel\u0151z\u0151 marketing munk\u00e1kban is a t\u00e1nc hangulat\u00e1t \u00e9s t\u00f6rt\u00e9net\u00e9t jelk\u00e9pezt\u00fck, mely a II. vil\u00e1gh\u00e1bor\u00fa idej\u00e9n besorozott falusi leg\u00e9nyek \u00e9let\u00e9t mutatta be. Az elv\u00e1l\u00e1s mindk\u00e9t f\u00e9l oldal\u00e1r\u00f3l bemutat\u00e1sra ker\u00fclt, melyet a k\u00f6z\u00f6ns\u00e9g meghat\u00f3dva fogadott. A vend\u00e9g koreogr\u00e1fi\u00e1k \u00e9s koreogr\u00e1fusaik: Szab\u00f3 Tam\u00e1s, K\u00fcrt\u00f6si Csilla \u2013 <em>Cifra Kalotaszeg<\/em>; Lente Lilla \u2013 <em>Fiesta latina<\/em>.\r\n\r\nA m\u0171sor alatt a Biatorb\u00e1gyi F\u00fav\u00f3s Kisparti zenekar k\u00eds\u00e9rte a t\u00e1ncokat, Kasz\u00e1s S\u00e1ndor karmester ir\u00e1ny\u00edt\u00e1s\u00e1val. A zenekar a m\u0171sor ut\u00e1n koncertet adott, majd a sv\u00e1bb\u00e1lban a Mondschein Kapelle felelt a hangulat\u00e9rt.","_et_gb_content_width":""},"categories":[5],"tags":[36,28,22],"yoast_head":"<!-- This site is optimized with the Yoast SEO plugin v17.2 - https:\/\/yoast.com\/wordpress\/plugins\/seo\/ -->\n<title>Visszaeml\u00e9kez\u00e9s a 22. T\u00e1ncbemutat\u00f3ra - SaarerTanz<\/title>\n<meta name=\"description\" content=\"Csoportunk febru\u00e1r 22-\u00e9n tartotta 22. T\u00e1ncbemutat\u00f3j\u00e1t. Olvasd el r\u00f6vid \u00f6sszefoglal\u00f3nkat az esem\u00e9nyr\u0151l, \u00e9s b\u00f6ng\u00e9szd meg\u00fajult honlapunkat!\" \/>\n<meta name=\"robots\" content=\"index, follow, max-snippet:-1, max-image-preview:large, max-video-preview:-1\" \/>\n<link rel=\"canonical\" href=\"http:\/\/saarertanz.hu\/de\/visszaemlekezes-a-22-tancbemutatora\/\" \/>\n<meta property=\"og:locale\" content=\"de_DE\" \/>\n<meta property=\"og:type\" content=\"article\" \/>\n<meta property=\"og:title\" content=\"Visszaeml\u00e9kez\u00e9s a 22. T\u00e1ncbemutat\u00f3ra - SaarerTanz\" \/>\n<meta property=\"og:description\" content=\"Csoportunk febru\u00e1r 22-\u00e9n tartotta 22. T\u00e1ncbemutat\u00f3j\u00e1t. Olvasd el r\u00f6vid \u00f6sszefoglal\u00f3nkat az esem\u00e9nyr\u0151l, \u00e9s b\u00f6ng\u00e9szd meg\u00fajult honlapunkat!\" \/>\n<meta property=\"og:url\" content=\"http:\/\/saarertanz.hu\/de\/visszaemlekezes-a-22-tancbemutatora\/\" \/>\n<meta property=\"og:site_name\" content=\"SaarerTanz\" \/>\n<meta property=\"article:publisher\" content=\"https:\/\/www.facebook.com\/saarertanzgruppe\/\" \/>\n<meta property=\"article:published_time\" content=\"2020-03-04T09:59:18+00:00\" \/>\n<meta property=\"article:modified_time\" content=\"2020-03-05T10:43:30+00:00\" \/>\n<meta property=\"og:image\" content=\"http:\/\/saarertanz.hu\/wp-content\/uploads\/2020\/03\/tancbemutato2020.jpg\" \/>\n\t<meta property=\"og:image:width\" content=\"400\" \/>\n\t<meta property=\"og:image:height\" content=\"250\" \/>\n<meta name=\"twitter:card\" content=\"summary_large_image\" \/>\n<meta name=\"twitter:label1\" content=\"Verfasst von\" \/>\n\t<meta name=\"twitter:data1\" content=\"Imre\" \/>\n\t<meta name=\"twitter:label2\" content=\"Gesch\u00e4tzte Lesezeit\" \/>\n\t<meta name=\"twitter:data2\" content=\"3\u00a0Minuten\" \/>\n<script type=\"application\/ld+json\" class=\"yoast-schema-graph\">{\"@context\":\"https:\/\/schema.org\",\"@graph\":[{\"@type\":\"WebSite\",\"@id\":\"https:\/\/saarertanz.hu\/#website\",\"url\":\"https:\/\/saarertanz.hu\/\",\"name\":\"SaarerTanz\",\"description\":\"sz\\u00e1ri n\\u00e9met nemzetis\\u00e9gi t\\u00e1nccsoport\",\"potentialAction\":[{\"@type\":\"SearchAction\",\"target\":{\"@type\":\"EntryPoint\",\"urlTemplate\":\"https:\/\/saarertanz.hu\/?s={search_term_string}\"},\"query-input\":\"required name=search_term_string\"}],\"inLanguage\":\"de\"},{\"@type\":\"ImageObject\",\"@id\":\"http:\/\/saarertanz.hu\/de\/visszaemlekezes-a-22-tancbemutatora\/#primaryimage\",\"inLanguage\":\"de\",\"url\":\"https:\/\/saarertanz.hu\/wp-content\/uploads\/2020\/03\/tancbemutato2020.jpg\",\"contentUrl\":\"https:\/\/saarertanz.hu\/wp-content\/uploads\/2020\/03\/tancbemutato2020.jpg\",\"width\":400,\"height\":250},{\"@type\":\"WebPage\",\"@id\":\"http:\/\/saarertanz.hu\/de\/visszaemlekezes-a-22-tancbemutatora\/#webpage\",\"url\":\"http:\/\/saarertanz.hu\/de\/visszaemlekezes-a-22-tancbemutatora\/\",\"name\":\"Visszaeml\\u00e9kez\\u00e9s a 22. T\\u00e1ncbemutat\\u00f3ra - SaarerTanz\",\"isPartOf\":{\"@id\":\"https:\/\/saarertanz.hu\/#website\"},\"primaryImageOfPage\":{\"@id\":\"http:\/\/saarertanz.hu\/de\/visszaemlekezes-a-22-tancbemutatora\/#primaryimage\"},\"datePublished\":\"2020-03-04T09:59:18+00:00\",\"dateModified\":\"2020-03-05T10:43:30+00:00\",\"author\":{\"@id\":\"https:\/\/saarertanz.hu\/#\/schema\/person\/57858c5c75b3de299d22b94c2f7a7f9e\"},\"description\":\"Csoportunk febru\\u00e1r 22-\\u00e9n tartotta 22. T\\u00e1ncbemutat\\u00f3j\\u00e1t. Olvasd el r\\u00f6vid \\u00f6sszefoglal\\u00f3nkat az esem\\u00e9nyr\\u0151l, \\u00e9s b\\u00f6ng\\u00e9szd meg\\u00fajult honlapunkat!\",\"breadcrumb\":{\"@id\":\"http:\/\/saarertanz.hu\/de\/visszaemlekezes-a-22-tancbemutatora\/#breadcrumb\"},\"inLanguage\":\"de\",\"potentialAction\":[{\"@type\":\"ReadAction\",\"target\":[\"http:\/\/saarertanz.hu\/de\/visszaemlekezes-a-22-tancbemutatora\/\"]}]},{\"@type\":\"BreadcrumbList\",\"@id\":\"http:\/\/saarertanz.hu\/de\/visszaemlekezes-a-22-tancbemutatora\/#breadcrumb\",\"itemListElement\":[{\"@type\":\"ListItem\",\"position\":1,\"name\":\"Home\",\"item\":\"https:\/\/saarertanz.hu\/\"},{\"@type\":\"ListItem\",\"position\":2,\"name\":\"Visszaeml\\u00e9kez\\u00e9s a 22. T\\u00e1ncbemutat\\u00f3ra\"}]},{\"@type\":\"Person\",\"@id\":\"https:\/\/saarertanz.hu\/#\/schema\/person\/57858c5c75b3de299d22b94c2f7a7f9e\",\"name\":\"Imre\",\"image\":{\"@type\":\"ImageObject\",\"@id\":\"https:\/\/saarertanz.hu\/#personlogo\",\"inLanguage\":\"de\",\"url\":\"https:\/\/secure.gravatar.com\/avatar\/26bddbea673c5d522767227f5c3cde5d?s=96&d=mm&r=g\",\"contentUrl\":\"https:\/\/secure.gravatar.com\/avatar\/26bddbea673c5d522767227f5c3cde5d?s=96&d=mm&r=g\",\"caption\":\"Imre\"},\"url\":\"https:\/\/saarertanz.hu\/de\/author\/borsodi-imre\/\"}]}<\/script>\n<!-- \/ Yoast SEO plugin. -->","yoast_head_json":{"title":"Visszaeml\u00e9kez\u00e9s a 22. T\u00e1ncbemutat\u00f3ra - SaarerTanz","description":"Csoportunk febru\u00e1r 22-\u00e9n tartotta 22. T\u00e1ncbemutat\u00f3j\u00e1t. Olvasd el r\u00f6vid \u00f6sszefoglal\u00f3nkat az esem\u00e9nyr\u0151l, \u00e9s b\u00f6ng\u00e9szd meg\u00fajult honlapunkat!","robots":{"index":"index","follow":"follow","max-snippet":"max-snippet:-1","max-image-preview":"max-image-preview:large","max-video-preview":"max-video-preview:-1"},"canonical":"http:\/\/saarertanz.hu\/de\/visszaemlekezes-a-22-tancbemutatora\/","og_locale":"de_DE","og_type":"article","og_title":"Visszaeml\u00e9kez\u00e9s a 22. T\u00e1ncbemutat\u00f3ra - SaarerTanz","og_description":"Csoportunk febru\u00e1r 22-\u00e9n tartotta 22. T\u00e1ncbemutat\u00f3j\u00e1t. Olvasd el r\u00f6vid \u00f6sszefoglal\u00f3nkat az esem\u00e9nyr\u0151l, \u00e9s b\u00f6ng\u00e9szd meg\u00fajult honlapunkat!","og_url":"http:\/\/saarertanz.hu\/de\/visszaemlekezes-a-22-tancbemutatora\/","og_site_name":"SaarerTanz","article_publisher":"https:\/\/www.facebook.com\/saarertanzgruppe\/","article_published_time":"2020-03-04T09:59:18+00:00","article_modified_time":"2020-03-05T10:43:30+00:00","og_image":[{"width":400,"height":250,"url":"http:\/\/saarertanz.hu\/wp-content\/uploads\/2020\/03\/tancbemutato2020.jpg","path":"\/nfsmnt\/hosting1_2\/c\/9\/c929398a-1cab-48db-b245-6f22cc61944f\/saarertanz.hu\/web\/wp-content\/uploads\/2020\/03\/tancbemutato2020.jpg","size":"full","id":895,"alt":"","pixels":100000,"type":"image\/jpeg"}],"twitter_card":"summary_large_image","twitter_misc":{"Verfasst von":"Imre","Gesch\u00e4tzte Lesezeit":"3\u00a0Minuten"},"schema":{"@context":"https:\/\/schema.org","@graph":[{"@type":"WebSite","@id":"https:\/\/saarertanz.hu\/#website","url":"https:\/\/saarertanz.hu\/","name":"SaarerTanz","description":"sz\u00e1ri n\u00e9met nemzetis\u00e9gi t\u00e1nccsoport","potentialAction":[{"@type":"SearchAction","target":{"@type":"EntryPoint","urlTemplate":"https:\/\/saarertanz.hu\/?s={search_term_string}"},"query-input":"required name=search_term_string"}],"inLanguage":"de"},{"@type":"ImageObject","@id":"http:\/\/saarertanz.hu\/de\/visszaemlekezes-a-22-tancbemutatora\/#primaryimage","inLanguage":"de","url":"https:\/\/saarertanz.hu\/wp-content\/uploads\/2020\/03\/tancbemutato2020.jpg","contentUrl":"https:\/\/saarertanz.hu\/wp-content\/uploads\/2020\/03\/tancbemutato2020.jpg","width":400,"height":250},{"@type":"WebPage","@id":"http:\/\/saarertanz.hu\/de\/visszaemlekezes-a-22-tancbemutatora\/#webpage","url":"http:\/\/saarertanz.hu\/de\/visszaemlekezes-a-22-tancbemutatora\/","name":"Visszaeml\u00e9kez\u00e9s a 22. T\u00e1ncbemutat\u00f3ra - SaarerTanz","isPartOf":{"@id":"https:\/\/saarertanz.hu\/#website"},"primaryImageOfPage":{"@id":"http:\/\/saarertanz.hu\/de\/visszaemlekezes-a-22-tancbemutatora\/#primaryimage"},"datePublished":"2020-03-04T09:59:18+00:00","dateModified":"2020-03-05T10:43:30+00:00","author":{"@id":"https:\/\/saarertanz.hu\/#\/schema\/person\/57858c5c75b3de299d22b94c2f7a7f9e"},"description":"Csoportunk febru\u00e1r 22-\u00e9n tartotta 22. T\u00e1ncbemutat\u00f3j\u00e1t. Olvasd el r\u00f6vid \u00f6sszefoglal\u00f3nkat az esem\u00e9nyr\u0151l, \u00e9s b\u00f6ng\u00e9szd meg\u00fajult honlapunkat!","breadcrumb":{"@id":"http:\/\/saarertanz.hu\/de\/visszaemlekezes-a-22-tancbemutatora\/#breadcrumb"},"inLanguage":"de","potentialAction":[{"@type":"ReadAction","target":["http:\/\/saarertanz.hu\/de\/visszaemlekezes-a-22-tancbemutatora\/"]}]},{"@type":"BreadcrumbList","@id":"http:\/\/saarertanz.hu\/de\/visszaemlekezes-a-22-tancbemutatora\/#breadcrumb","itemListElement":[{"@type":"ListItem","position":1,"name":"Home","item":"https:\/\/saarertanz.hu\/"},{"@type":"ListItem","position":2,"name":"Visszaeml\u00e9kez\u00e9s a 22. T\u00e1ncbemutat\u00f3ra"}]},{"@type":"Person","@id":"https:\/\/saarertanz.hu\/#\/schema\/person\/57858c5c75b3de299d22b94c2f7a7f9e","name":"Imre","image":{"@type":"ImageObject","@id":"https:\/\/saarertanz.hu\/#personlogo","inLanguage":"de","url":"https:\/\/secure.gravatar.com\/avatar\/26bddbea673c5d522767227f5c3cde5d?s=96&d=mm&r=g","contentUrl":"https:\/\/secure.gravatar.com\/avatar\/26bddbea673c5d522767227f5c3cde5d?s=96&d=mm&r=g","caption":"Imre"},"url":"https:\/\/saarertanz.hu\/de\/author\/borsodi-imre\/"}]}},"_links":{"self":[{"href":"https:\/\/saarertanz.hu\/de\/wp-json\/wp\/v2\/posts\/894"}],"collection":[{"href":"https:\/\/saarertanz.hu\/de\/wp-json\/wp\/v2\/posts"}],"about":[{"href":"https:\/\/saarertanz.hu\/de\/wp-json\/wp\/v2\/types\/post"}],"author":[{"embeddable":true,"href":"https:\/\/saarertanz.hu\/de\/wp-json\/wp\/v2\/users\/2"}],"replies":[{"embeddable":true,"href":"https:\/\/saarertanz.hu\/de\/wp-json\/wp\/v2\/comments?post=894"}],"version-history":[{"count":4,"href":"https:\/\/saarertanz.hu\/de\/wp-json\/wp\/v2\/posts\/894\/revisions"}],"predecessor-version":[{"id":900,"href":"https:\/\/saarertanz.hu\/de\/wp-json\/wp\/v2\/posts\/894\/revisions\/900"}],"wp:featuredmedia":[{"embeddable":true,"href":"https:\/\/saarertanz.hu\/de\/wp-json\/wp\/v2\/media\/895"}],"wp:attachment":[{"href":"https:\/\/saarertanz.hu\/de\/wp-json\/wp\/v2\/media?parent=894"}],"wp:term":[{"taxonomy":"category","embeddable":true,"href":"https:\/\/saarertanz.hu\/de\/wp-json\/wp\/v2\/categories?post=894"},{"taxonomy":"post_tag","embeddable":true,"href":"https:\/\/saarertanz.hu\/de\/wp-json\/wp\/v2\/tags?post=894"}],"curies":[{"name":"wp","href":"https:\/\/api.w.org\/{rel}","templated":true}]}}