{"id":70,"date":"2020-01-22T17:48:49","date_gmt":"2020-01-22T17:48:49","guid":{"rendered":"http:\/\/saarer.premiweb.hu\/?p=70"},"modified":"2020-02-03T20:36:28","modified_gmt":"2020-02-03T20:36:28","slug":"lorem-ipsum","status":"publish","type":"post","link":"https:\/\/saarertanz.hu\/de\/lorem-ipsum\/","title":{"rendered":"Kamera forog!"},"content":{"rendered":"<p>Szombaton \u00dajbarkon dolgozott csoportunk. Forgott a kamera, kattogott a vaku. Mindezek mell\u00e9 pedig j\u00e1rt a f\u00fcst\u00f6lt sonka eb\u00e9dre. K\u00e9sz\u00fcl az idei T\u00e1ncbemutat\u00f3 kreat\u00edv koncepci\u00f3ja! Izgalmas k\u00e9pi vil\u00e1ggal, \u00e9s m\u00e9g izgalmasabb mondanival\u00f3val k\u00e9sz\u00fcl\u00fcnk! K\u00f6vess\u00e9tek social media fel\u00fcleteinket! Hamarosan bepillant\u00e1st nyerhettek a r\u00e9szletekbe! A T\u00e1ncbemutat\u00f3 d\u00e1tum\u00e1t nemhangs\u00falyozhatjuk el\u00e9gg\u00e9: 2020.02.22.!<\/p>","protected":false},"excerpt":{"rendered":"<p>Szombaton \u00dajbarkon dolgozott csoportunk. Forgott a kamera, kattogott a vaku. Mindezek mell\u00e9 pedig j\u00e1rt a f\u00fcst\u00f6lt sonka eb\u00e9dre. K\u00e9sz\u00fcl az idei T\u00e1ncbemutat\u00f3 kreat\u00edv koncepci\u00f3ja! Izgalmas k\u00e9pi vil\u00e1ggal, \u00e9s m\u00e9g izgalmasabb mondanival\u00f3val k\u00e9sz\u00fcl\u00fcnk! K\u00f6vess\u00e9tek social media fel\u00fcleteinket! Hamarosan bepillant\u00e1st nyerhettek a r\u00e9szletekbe! A T\u00e1ncbemutat\u00f3 d\u00e1tum\u00e1t nemhangs\u00falyozhatjuk el\u00e9gg\u00e9: 2020.02.22.!<\/p>","protected":false},"author":1,"featured_media":506,"comment_status":"open","ping_status":"open","sticky":false,"template":"","format":"standard","meta":{"_et_pb_use_builder":"","_et_pb_old_content":"","_et_gb_content_width":""},"categories":[5],"tags":[4,2,3],"yoast_head":"<!-- This site is optimized with the Yoast SEO plugin v17.2 - https:\/\/yoast.com\/wordpress\/plugins\/seo\/ -->\n<title>Kamera forog! - SaarerTanz<\/title>\n<meta name=\"robots\" content=\"index, follow, max-snippet:-1, max-image-preview:large, max-video-preview:-1\" \/>\n<link rel=\"canonical\" href=\"https:\/\/saarertanz.hu\/de\/lorem-ipsum\/\" \/>\n<meta property=\"og:locale\" content=\"de_DE\" \/>\n<meta property=\"og:type\" content=\"article\" \/>\n<meta property=\"og:title\" content=\"Kamera forog! - SaarerTanz\" \/>\n<meta property=\"og:description\" content=\"Szombaton \u00dajbarkon dolgozott csoportunk. Forgott a kamera, kattogott a vaku. Mindezek mell\u00e9 pedig j\u00e1rt a f\u00fcst\u00f6lt sonka eb\u00e9dre. K\u00e9sz\u00fcl az idei T\u00e1ncbemutat\u00f3 kreat\u00edv koncepci\u00f3ja! Izgalmas k\u00e9pi vil\u00e1ggal, \u00e9s m\u00e9g izgalmasabb mondanival\u00f3val k\u00e9sz\u00fcl\u00fcnk! K\u00f6vess\u00e9tek social media fel\u00fcleteinket! Hamarosan bepillant\u00e1st nyerhettek a r\u00e9szletekbe! A T\u00e1ncbemutat\u00f3 d\u00e1tum\u00e1t nemhangs\u00falyozhatjuk el\u00e9gg\u00e9: 2020.02.22.!\" \/>\n<meta property=\"og:url\" content=\"https:\/\/saarertanz.hu\/de\/lorem-ipsum\/\" \/>\n<meta property=\"og:site_name\" content=\"SaarerTanz\" \/>\n<meta property=\"article:publisher\" content=\"https:\/\/www.facebook.com\/saarertanzgruppe\/\" \/>\n<meta property=\"article:published_time\" content=\"2020-01-22T17:48:49+00:00\" \/>\n<meta property=\"article:modified_time\" content=\"2020-02-03T20:36:28+00:00\" \/>\n<meta property=\"og:image\" content=\"http:\/\/saarertanz.hu\/wp-content\/uploads\/2020\/01\/saarer_werk2020-scaled.jpg\" \/>\n\t<meta property=\"og:image:width\" content=\"2560\" \/>\n\t<meta property=\"og:image:height\" content=\"1940\" \/>\n<meta name=\"twitter:card\" content=\"summary_large_image\" \/>\n<meta name=\"twitter:label1\" content=\"Verfasst von\" \/>\n\t<meta name=\"twitter:data1\" content=\"david.berszan\" \/>\n<script type=\"application\/ld+json\" class=\"yoast-schema-graph\">{\"@context\":\"https:\/\/schema.org\",\"@graph\":[{\"@type\":\"WebSite\",\"@id\":\"https:\/\/saarertanz.hu\/#website\",\"url\":\"https:\/\/saarertanz.hu\/\",\"name\":\"SaarerTanz\",\"description\":\"sz\\u00e1ri n\\u00e9met nemzetis\\u00e9gi t\\u00e1nccsoport\",\"potentialAction\":[{\"@type\":\"SearchAction\",\"target\":{\"@type\":\"EntryPoint\",\"urlTemplate\":\"https:\/\/saarertanz.hu\/?s={search_term_string}\"},\"query-input\":\"required name=search_term_string\"}],\"inLanguage\":\"de\"},{\"@type\":\"ImageObject\",\"@id\":\"https:\/\/saarertanz.hu\/lorem-ipsum\/#primaryimage\",\"inLanguage\":\"de\",\"url\":\"https:\/\/saarertanz.hu\/wp-content\/uploads\/2020\/01\/saarer_werk2020-scaled.jpg\",\"contentUrl\":\"https:\/\/saarertanz.hu\/wp-content\/uploads\/2020\/01\/saarer_werk2020-scaled.jpg\",\"width\":2560,\"height\":1940},{\"@type\":\"WebPage\",\"@id\":\"https:\/\/saarertanz.hu\/lorem-ipsum\/#webpage\",\"url\":\"https:\/\/saarertanz.hu\/lorem-ipsum\/\",\"name\":\"Kamera forog! - SaarerTanz\",\"isPartOf\":{\"@id\":\"https:\/\/saarertanz.hu\/#website\"},\"primaryImageOfPage\":{\"@id\":\"https:\/\/saarertanz.hu\/lorem-ipsum\/#primaryimage\"},\"datePublished\":\"2020-01-22T17:48:49+00:00\",\"dateModified\":\"2020-02-03T20:36:28+00:00\",\"author\":{\"@id\":\"https:\/\/saarertanz.hu\/#\/schema\/person\/f2671736fd1c9893829391921a44d886\"},\"breadcrumb\":{\"@id\":\"https:\/\/saarertanz.hu\/lorem-ipsum\/#breadcrumb\"},\"inLanguage\":\"de\",\"potentialAction\":[{\"@type\":\"ReadAction\",\"target\":[\"https:\/\/saarertanz.hu\/lorem-ipsum\/\"]}]},{\"@type\":\"BreadcrumbList\",\"@id\":\"https:\/\/saarertanz.hu\/lorem-ipsum\/#breadcrumb\",\"itemListElement\":[{\"@type\":\"ListItem\",\"position\":1,\"name\":\"Home\",\"item\":\"https:\/\/saarertanz.hu\/\"},{\"@type\":\"ListItem\",\"position\":2,\"name\":\"Kamera forog!\"}]},{\"@type\":\"Person\",\"@id\":\"https:\/\/saarertanz.hu\/#\/schema\/person\/f2671736fd1c9893829391921a44d886\",\"name\":\"david.berszan\",\"image\":{\"@type\":\"ImageObject\",\"@id\":\"https:\/\/saarertanz.hu\/#personlogo\",\"inLanguage\":\"de\",\"url\":\"https:\/\/secure.gravatar.com\/avatar\/170fc4eae1ac0598b6fb48d116592ac1?s=96&d=mm&r=g\",\"contentUrl\":\"https:\/\/secure.gravatar.com\/avatar\/170fc4eae1ac0598b6fb48d116592ac1?s=96&d=mm&r=g\",\"caption\":\"david.berszan\"},\"url\":\"https:\/\/saarertanz.hu\/de\/author\/david-berszan\/\"}]}<\/script>\n<!-- \/ Yoast SEO plugin. -->","yoast_head_json":{"title":"Kamera forog! - SaarerTanz","robots":{"index":"index","follow":"follow","max-snippet":"max-snippet:-1","max-image-preview":"max-image-preview:large","max-video-preview":"max-video-preview:-1"},"canonical":"https:\/\/saarertanz.hu\/de\/lorem-ipsum\/","og_locale":"de_DE","og_type":"article","og_title":"Kamera forog! - SaarerTanz","og_description":"Szombaton \u00dajbarkon dolgozott csoportunk. Forgott a kamera, kattogott a vaku. Mindezek mell\u00e9 pedig j\u00e1rt a f\u00fcst\u00f6lt sonka eb\u00e9dre. K\u00e9sz\u00fcl az idei T\u00e1ncbemutat\u00f3 kreat\u00edv koncepci\u00f3ja! Izgalmas k\u00e9pi vil\u00e1ggal, \u00e9s m\u00e9g izgalmasabb mondanival\u00f3val k\u00e9sz\u00fcl\u00fcnk! K\u00f6vess\u00e9tek social media fel\u00fcleteinket! Hamarosan bepillant\u00e1st nyerhettek a r\u00e9szletekbe! A T\u00e1ncbemutat\u00f3 d\u00e1tum\u00e1t nemhangs\u00falyozhatjuk el\u00e9gg\u00e9: 2020.02.22.!","og_url":"https:\/\/saarertanz.hu\/de\/lorem-ipsum\/","og_site_name":"SaarerTanz","article_publisher":"https:\/\/www.facebook.com\/saarertanzgruppe\/","article_published_time":"2020-01-22T17:48:49+00:00","article_modified_time":"2020-02-03T20:36:28+00:00","og_image":[{"width":2560,"height":1940,"url":"http:\/\/saarertanz.hu\/wp-content\/uploads\/2020\/01\/saarer_werk2020-scaled.jpg","path":"\/nfsmnt\/hosting1_2\/c\/9\/c929398a-1cab-48db-b245-6f22cc61944f\/saarertanz.hu\/web\/wp-content\/uploads\/2020\/01\/saarer_werk2020-scaled.jpg","size":"full","id":506,"alt":"","pixels":4966400,"type":"image\/jpeg"}],"twitter_card":"summary_large_image","twitter_misc":{"Verfasst von":"david.berszan"},"schema":{"@context":"https:\/\/schema.org","@graph":[{"@type":"WebSite","@id":"https:\/\/saarertanz.hu\/#website","url":"https:\/\/saarertanz.hu\/","name":"SaarerTanz","description":"sz\u00e1ri n\u00e9met nemzetis\u00e9gi t\u00e1nccsoport","potentialAction":[{"@type":"SearchAction","target":{"@type":"EntryPoint","urlTemplate":"https:\/\/saarertanz.hu\/?s={search_term_string}"},"query-input":"required name=search_term_string"}],"inLanguage":"de"},{"@type":"ImageObject","@id":"https:\/\/saarertanz.hu\/lorem-ipsum\/#primaryimage","inLanguage":"de","url":"https:\/\/saarertanz.hu\/wp-content\/uploads\/2020\/01\/saarer_werk2020-scaled.jpg","contentUrl":"https:\/\/saarertanz.hu\/wp-content\/uploads\/2020\/01\/saarer_werk2020-scaled.jpg","width":2560,"height":1940},{"@type":"WebPage","@id":"https:\/\/saarertanz.hu\/lorem-ipsum\/#webpage","url":"https:\/\/saarertanz.hu\/lorem-ipsum\/","name":"Kamera forog! - SaarerTanz","isPartOf":{"@id":"https:\/\/saarertanz.hu\/#website"},"primaryImageOfPage":{"@id":"https:\/\/saarertanz.hu\/lorem-ipsum\/#primaryimage"},"datePublished":"2020-01-22T17:48:49+00:00","dateModified":"2020-02-03T20:36:28+00:00","author":{"@id":"https:\/\/saarertanz.hu\/#\/schema\/person\/f2671736fd1c9893829391921a44d886"},"breadcrumb":{"@id":"https:\/\/saarertanz.hu\/lorem-ipsum\/#breadcrumb"},"inLanguage":"de","potentialAction":[{"@type":"ReadAction","target":["https:\/\/saarertanz.hu\/lorem-ipsum\/"]}]},{"@type":"BreadcrumbList","@id":"https:\/\/saarertanz.hu\/lorem-ipsum\/#breadcrumb","itemListElement":[{"@type":"ListItem","position":1,"name":"Home","item":"https:\/\/saarertanz.hu\/"},{"@type":"ListItem","position":2,"name":"Kamera forog!"}]},{"@type":"Person","@id":"https:\/\/saarertanz.hu\/#\/schema\/person\/f2671736fd1c9893829391921a44d886","name":"david.berszan","image":{"@type":"ImageObject","@id":"https:\/\/saarertanz.hu\/#personlogo","inLanguage":"de","url":"https:\/\/secure.gravatar.com\/avatar\/170fc4eae1ac0598b6fb48d116592ac1?s=96&d=mm&r=g","contentUrl":"https:\/\/secure.gravatar.com\/avatar\/170fc4eae1ac0598b6fb48d116592ac1?s=96&d=mm&r=g","caption":"david.berszan"},"url":"https:\/\/saarertanz.hu\/de\/author\/david-berszan\/"}]}},"_links":{"self":[{"href":"https:\/\/saarertanz.hu\/de\/wp-json\/wp\/v2\/posts\/70"}],"collection":[{"href":"https:\/\/saarertanz.hu\/de\/wp-json\/wp\/v2\/posts"}],"about":[{"href":"https:\/\/saarertanz.hu\/de\/wp-json\/wp\/v2\/types\/post"}],"author":[{"embeddable":true,"href":"https:\/\/saarertanz.hu\/de\/wp-json\/wp\/v2\/users\/1"}],"replies":[{"embeddable":true,"href":"https:\/\/saarertanz.hu\/de\/wp-json\/wp\/v2\/comments?post=70"}],"version-history":[{"count":3,"href":"https:\/\/saarertanz.hu\/de\/wp-json\/wp\/v2\/posts\/70\/revisions"}],"predecessor-version":[{"id":508,"href":"https:\/\/saarertanz.hu\/de\/wp-json\/wp\/v2\/posts\/70\/revisions\/508"}],"wp:featuredmedia":[{"embeddable":true,"href":"https:\/\/saarertanz.hu\/de\/wp-json\/wp\/v2\/media\/506"}],"wp:attachment":[{"href":"https:\/\/saarertanz.hu\/de\/wp-json\/wp\/v2\/media?parent=70"}],"wp:term":[{"taxonomy":"category","embeddable":true,"href":"https:\/\/saarertanz.hu\/de\/wp-json\/wp\/v2\/categories?post=70"},{"taxonomy":"post_tag","embeddable":true,"href":"https:\/\/saarertanz.hu\/de\/wp-json\/wp\/v2\/tags?post=70"}],"curies":[{"name":"wp","href":"https:\/\/api.w.org\/{rel}","templated":true}]}}